{"id":3198,"date":"2026-03-13T18:36:28","date_gmt":"2026-03-13T18:36:28","guid":{"rendered":"https:\/\/ptgeof.pl\/?p=3198"},"modified":"2026-03-13T18:36:28","modified_gmt":"2026-03-13T18:36:28","slug":"seminarium-cccr-30-03-2026","status":"publish","type":"post","link":"https:\/\/ptgeof.pl\/?p=3198","title":{"rendered":"Seminarium CCCR 30.03.2026"},"content":{"rendered":"<p style=\"text-align: justify\"><span style=\"font-size: 14pt;color: #000000\">Szanowni Pa\u0144stwo,<\/span><\/p>\n<p style=\"text-align: justify\"><span style=\"font-size: 14pt\"><span style=\"color: #000000\">Uprzejmie informuj\u0119, i\u017c Centrum Bada\u0144 Zmian Klimatu UMK w Toruniu organizuje seminarium, na kt\u00f3rym Pani dr hab. Agnieszka Wypych, prof. UJ <\/span><span style=\"color: #000000\">z Zak\u0142adu Klimatologii Uniwersytetu Jagiello\u0144skiego oraz Zak\u0142adu Meteorologii i Klimatologii IMGW-PIB (tak\u017ce skarbnik Towarzystwa), <\/span><span style=\"color: #000000\">wyg\u0142osi referat pt. <\/span><strong><span style=\"color: #000000\">\u201eWarunki pogodowe w po\u0142udniowej Polsce na prze\u0142omie XIX i XX <\/span><\/strong><span style=\"color: #000000\"><strong>wieku w \u015bwietle dost\u0119pnych danych pomiarowo-obserwacyjnych\u201d<\/strong>.<\/span><\/span><\/p>\n<p style=\"text-align: justify\"><span style=\"font-size: 14pt\"><span style=\"color: #000000\">Seminarium odb\u0119dzie si\u0119 on-line na platformie MS Teams <\/span><span style=\"color: #000000\">w dniu <strong>30 marca (poniedzia\u0142ek) 2026 r. o godz. 17:00 CET.<\/strong><\/span><\/span><\/p>\n<p style=\"text-align: justify\"><span style=\"font-size: 14pt;color: #000000\">Link do uczestnictwa w spotkaniu:<\/span><br \/>\n<span style=\"color: #0000ff\"><strong><span style=\"font-size: 14pt\"><a style=\"color: #0000ff\" href=\"https:\/\/teams.microsoft.com\/meet\/38723368127392?p=p1RuhNEC3ho6zMD6Ff\">https:\/\/teams.microsoft.com\/meet\/38723368127392?p=p1RuhNEC3ho6zMD6Ff<\/a><\/span><\/strong><\/span><\/p>\n<p style=\"text-align: justify\"><span style=\"font-size: 14pt\"><span style=\"color: #000000\">Ze streszczeniem referatu oraz biogramem Prelegentki mo\u017cna <\/span><span style=\"color: #000000\">zapozna\u0107 si\u0119 na stronie Centrum: <span style=\"color: #0000ff\"><strong><a style=\"color: #0000ff\" href=\"https:\/\/cccr.umk.pl\/\">https:\/\/cccr.umk.pl\/<\/a><\/strong><\/span><\/span><\/span><\/p>\n<p style=\"text-align: justify\"><span style=\"font-size: 14pt\"><span style=\"color: #000000\">Serdecznie zapraszam,<br \/>\n<\/span><span style=\"color: #000000\">Dyrektor Centrum<br \/>\n<\/span><span style=\"color: #000000\">prof. dr hab. Rajmund Przybylak<\/span><\/span><\/p>\n","protected":false},"excerpt":{"rendered":"<p>Szanowni Pa\u0144stwo, Uprzejmie informuj\u0119, i\u017c Centrum Bada\u0144 Zmian Klimatu UMK w Toruniu organizuje seminarium, na kt\u00f3rym Pani dr hab. Agnieszka Wypych, prof. UJ z Zak\u0142adu Klimatologii Uniwersytetu Jagiello\u0144skiego oraz Zak\u0142adu Meteorologii i Klimatologii IMGW-PIB (tak\u017ce skarbnik Towarzystwa), wyg\u0142osi referat pt.&hellip;<\/p>\n","protected":false},"author":3,"featured_media":2286,"comment_status":"closed","ping_status":"open","sticky":false,"template":"","format":"standard","meta":{"footnotes":""},"categories":[7],"tags":[],"class_list":["post-3198","post","type-post","status-publish","format-standard","has-post-thumbnail","hentry","category-odczyty"],"_links":{"self":[{"href":"https:\/\/ptgeof.pl\/index.php?rest_route=\/wp\/v2\/posts\/3198","targetHints":{"allow":["GET"]}}],"collection":[{"href":"https:\/\/ptgeof.pl\/index.php?rest_route=\/wp\/v2\/posts"}],"about":[{"href":"https:\/\/ptgeof.pl\/index.php?rest_route=\/wp\/v2\/types\/post"}],"author":[{"embeddable":true,"href":"https:\/\/ptgeof.pl\/index.php?rest_route=\/wp\/v2\/users\/3"}],"replies":[{"embeddable":true,"href":"https:\/\/ptgeof.pl\/index.php?rest_route=%2Fwp%2Fv2%2Fcomments&post=3198"}],"version-history":[{"count":1,"href":"https:\/\/ptgeof.pl\/index.php?rest_route=\/wp\/v2\/posts\/3198\/revisions"}],"predecessor-version":[{"id":3199,"href":"https:\/\/ptgeof.pl\/index.php?rest_route=\/wp\/v2\/posts\/3198\/revisions\/3199"}],"wp:featuredmedia":[{"embeddable":true,"href":"https:\/\/ptgeof.pl\/index.php?rest_route=\/wp\/v2\/media\/2286"}],"wp:attachment":[{"href":"https:\/\/ptgeof.pl\/index.php?rest_route=%2Fwp%2Fv2%2Fmedia&parent=3198"}],"wp:term":[{"taxonomy":"category","embeddable":true,"href":"https:\/\/ptgeof.pl\/index.php?rest_route=%2Fwp%2Fv2%2Fcategories&post=3198"},{"taxonomy":"post_tag","embeddable":true,"href":"https:\/\/ptgeof.pl\/index.php?rest_route=%2Fwp%2Fv2%2Ftags&post=3198"}],"curies":[{"name":"wp","href":"https:\/\/api.w.org\/{rel}","templated":true}]}}